{"id":14256,"date":"2021-06-09T13:33:02","date_gmt":"2021-06-09T11:33:02","guid":{"rendered":"https:\/\/waldis-ag.ch\/printing\/?p=14256"},"modified":"2021-08-17T15:26:54","modified_gmt":"2021-08-17T13:26:54","slug":"bericht-zum-stand-der-cybersicherheit-2020","status":"publish","type":"post","link":"https:\/\/waldis-ag.ch\/printing\/bericht-zum-stand-der-cybersicherheit-2020\/","title":{"rendered":"Bericht zur Cybersicherheit 2020"},"content":{"rendered":"<p>[vc_row][vc_column][vc_column_text]Canon Europe hat zusammen mit CompTIA, der Computing Technology Industry Association, den Stand der Cybersicherheit untersucht und in einem Bericht ver\u00f6ffentlicht. Dieser Bericht untersucht den Stand der Cybersicherheit in einer Zeit, in der die Welt den digitalen Wandel voll und ganz annimmt. Die Hauptaussagen des Berichtes lesen Sie hier.[\/vc_column_text][vc_empty_space height=&#8221;30px&#8221;][vc_column_text]Mehr denn je akzeptieren Unternehmen, dass die Digitalisierung der Weg der Zukunft ist. Unabh\u00e4ngig von der Branche, dem Angebot oder dem Kundenstamm sind digitale Taktiken erforderlich, um in einer dynamischen und unvorhersehbaren Umgebung erfolgreich und effizient zu sein. Die Cybersicherheit wird somit zu einem \u00fcbergreifenden Gesch\u00e4ftsthema.[\/vc_column_text][vc_empty_space height=&#8221;60px&#8221;][\/vc_column][\/vc_row][vc_row][vc_column width=&#8221;1\/2&#8243;][vc_column_text]<\/p>\n<h3 style=\"text-align: left;\">Digitale Operationen treiben neue Sicherheitsans\u00e4tze voran<\/h3>\n<p>[\/vc_column_text][vc_empty_space height=&#8221;30px&#8221;][vc_column_text]<\/p>\n<p style=\"text-align: left;\">Die Zufriedenheit mit den derzeitigen Bem\u00fchungen im Bereich der Cybersicherheit scheint hoch: 36% der Unternehmen geben an, vollkommen zufrieden zu sein. 43% berichten, dass sie \u00fcberwiegend zufrieden sind. Allerdings wird dieser Standpunkt gr\u00f6sstenteils von den F\u00fchrungsebenen vertreten und ist somit nicht automatisch ein Abbild der Realit\u00e4t. Mit der Zunahme von dezentraler Arbeit sehen sich Unternehmen gezwungen, ihre Sicherheitsmassnahmen erneut zu \u00fcberpr\u00fcfen. Diese Pr\u00fcfung sollte sich auf alle Teile einer IT-Architektur erstecken, insbesondere jene Bereiche, die sich in den letzten Jahren ver\u00e4ndert haben.<\/p>\n<p>[\/vc_column_text][vc_empty_space height=&#8221;60px&#8221;][\/vc_column][vc_column width=&#8221;1\/2&#8243;][vc_single_image image=&#8221;14259&#8243; img_size=&#8221;1000&#215;880&#8243;][vc_empty_space height=&#8221;90px&#8221;][\/vc_column][\/vc_row][vc_row][vc_column][vc_column_text]<\/p>\n<h3>Cyberpraktiken werden \u00fcbergreifender<\/h3>\n<p>[\/vc_column_text][vc_empty_space height=&#8221;30px&#8221;][vc_column_text]Die Cybersicherheit ist l\u00e4ngst keine exklusive IT-Aufgabe mehr, sondern Aufgabe der Unternehmungsf\u00fchrung geworden. An erster Stelle steht das Risiko Management. Um allf\u00e4llige Risiken zu definieren, m\u00fcssen Unternehmen ihre Daten und Systeme f\u00fcr die jeweiligen Abteilungen auswerten und \u00fcberpr\u00fcfen. Weiter m\u00fcssen eine stete \u00dcberwachung und Messung der Sicherheitsbem\u00fchungen standardisiert werden. Neue Messverfahren sollen zudem gew\u00e4hrleisten, dass die Sicherheitsbem\u00fchungen mit den Gesch\u00e4ftszielen korrelieren. In Zukunft werden sich diese Prozesse wahrscheinliche in Richtung Zero Trust-L\u00f6sungen entwickeln. Zero Trust soll die klassische Netzwerk-Sicherheit als neues Security-Konzept abl\u00f6sen. Bei Zero Trust wird keinem Akteur im vornerein vertraut und jeder Zugriff muss individuell authentifiziert werden. Eine solche L\u00f6sung ist in der aktuellen digitalen Umgebung \u00e4usserst notwendig.<\/p>\n<p>Um den Kunden den h\u00f6chsten Sicherheitsstandard zu gew\u00e4hrleisten, hat Canon f\u00fcr die Multifunktionsdruck-, Scan-, und Kopiersysteme der imageRUNNER ADVANCE-Serie McAfee ins Boot geholt. Die Embedded Control Software von McAfee erlaubt ein kontinuierliches Whitelisting autorisierter Anwendungen im laufenden Betrieb. <a href=\"https:\/\/waldis-ag.ch\/printing\/canon-mit-mcafee\/\" target=\"_blank\" rel=\"noopener noreferrer\">Mehr dazu erfahren Sie hier<\/a>.[\/vc_column_text][vc_empty_space height=&#8221;90px&#8221;][\/vc_column][\/vc_row][vc_row][vc_column width=&#8221;1\/2&#8243;][vc_single_image image=&#8221;14260&#8243; img_size=&#8221;1000&#215;1000&#8243;][vc_empty_space height=&#8221;90px&#8221;][\/vc_column][vc_column width=&#8221;1\/2&#8243;][vc_column_text]<\/p>\n<h3>Sicherheitsteams werden ausgebaut und spezialisiert<\/h3>\n<p>[\/vc_column_text][vc_empty_space height=&#8221;30px&#8221;][vc_column_text]Die Cyber-Sicherheitskette in einem Unternehmen umfasst heute nicht mehr nur das IT-Team, sondern erstreckt sich \u00fcber die gesamte Belegschaft, das obere Management und sogar den Vorstand. Jeder dieser Bereiche hat spezifische Verantwortlichkeiten, wenn es um Cybersicherheit geht. Die Schaffung einer sinnvollen Struktur f\u00fcr die Sicherheitsdiskussion ist eine der grossen Herausforderungen f\u00fcr heutige Unternehmen.<\/p>\n<p>Ver\u00e4nderungen finden aber auch innerhalb der IT statt. Die Komplexit\u00e4t der Cybersicherheit erfordert eine Reihe von Spezialkenntnissen. Die meisten Unternehmen setzen nebst dem Ausbau ihrer IT-Abteilungen auch auf externe Firmen, um die breite Abdeckung von Fachwissen zu gew\u00e4hrleisten.[\/vc_column_text][vc_empty_space height=&#8221;90px&#8221;][\/vc_column][\/vc_row][vc_row][vc_column][vc_column_text]<\/p>\n<h3>Cyberversicherungen werden zu einem Gesch\u00e4ftsbed\u00fcrfnis<\/h3>\n<p>[\/vc_column_text][vc_empty_space height=&#8221;30px&#8221;][vc_column_text]Einer der Hauptgr\u00fcnde, die die Bem\u00fchungen in der Cybersicherheit vorantreiben, ist die wachsende Auswirkung, die ein Verstoss auf ein Unternehmen haben kann. Als Folge haben bereits 42% aller Unternehmen eine Cyber-Versicherung abgeschlossen. In diesem, relativ neuen Bereich ist eine angemessene Abdeckung eine Herausforderung. Dies betrifft nicht nur die Kostenstruktur und die Deckungsbeitr\u00e4ge, hinzu kommen auch passende Einsch\u00e4tzungen und regulatorische Bestimmungen. Nicht zu vergessen, dass allf\u00e4llige Verst\u00f6sse Folgen \u00fcber die L\u00e4ndergrenzen hinweg haben k\u00f6nnen.[\/vc_column_text][vc_empty_space height=&#8221;150px&#8221;][\/vc_column][\/vc_row][vc_row][vc_column][vc_column_text]<\/p>\n<h3>Bericht zum Stand der Cybersicherheit 2020 downloaden<\/h3>\n<p>[\/vc_column_text][vc_empty_space height=&#8221;30px&#8221;][vc_single_image image=&#8221;14326&#8243; img_size=&#8221;2000&#215;500&#8243; onclick=&#8221;custom_link&#8221; link=&#8221;https:\/\/waldis-ag.ch\/printing\/wp-content\/uploads\/sites\/7\/2020\/11\/State-of-Cybersecurity-2020_Canon.pdf&#8221;][vc_empty_space height=&#8221;60px&#8221;][vc_column_text]Der ganze Bericht zum Stand der Cybersicherheit 2020 inkl. detaillierteren Informationen und Untersuchungsergebnissen gibt es hier in englischer Version zum Download.[\/vc_column_text][\/vc_column][\/vc_row][vc_row content_aligment=&#8221;center&#8221;][vc_column][vc_empty_space height=&#8221;90px&#8221;]<a itemprop=\"url\" href=\"https:\/\/waldis-ag.ch\/printing\/wp-content\/uploads\/sites\/7\/2020\/11\/State-of-Cybersecurity-2020_Canon.pdf\" target=\"_self\"  class=\"edgtf-btn edgtf-btn-medium edgtf-btn-outline\"  >\n\t<span class=\"edgtf-btn-text\">Download<\/span>\n    <\/a>[vc_empty_space height=&#8221;120px&#8221;][\/vc_column][\/vc_row]<\/p>\n","protected":false},"excerpt":{"rendered":"<p>Canon Europe hat zusammen mit CompTIA, der Computing Technology Industry Association, den Stand der Cybersicherheit untersucht und in einem Bericht ver\u00f6ffentlicht. Dieser Bericht untersucht den Stand der Cybersicherheit in einer Zeit, in der die Welt den digitalen Wandel voll und ganz annimmt. Die Hauptaussagen des Berichtes lesen Sie hier.<\/p>\n","protected":false},"author":1,"featured_media":14258,"comment_status":"open","ping_status":"open","sticky":false,"template":"","format":"standard","meta":[],"categories":[24],"tags":[],"yoast_head":"<!-- This site is optimized with the Yoast SEO plugin v18.4.1 - https:\/\/yoast.com\/wordpress\/plugins\/seo\/ -->\n<title>Bericht zur Cybersicherheit 2020 - Waldis<\/title>\n<meta name=\"description\" content=\"Lesen Sie die Hauptaussagen des Berichts von Canon Europe und CompTIA \u00fcber Stand der Cybersicherheit 2020. untersucht und in einem Bericht ver\u00f6ffentlicht.\" \/>\n<meta name=\"robots\" content=\"index, follow, max-snippet:-1, max-image-preview:large, max-video-preview:-1\" \/>\n<link rel=\"canonical\" href=\"https:\/\/waldis-ag.ch\/printing\/bericht-zum-stand-der-cybersicherheit-2020\/\" \/>\n<meta property=\"og:locale\" content=\"de_DE\" \/>\n<meta property=\"og:type\" content=\"article\" \/>\n<meta property=\"og:title\" content=\"Bericht zur Cybersicherheit 2020 - Waldis\" \/>\n<meta property=\"og:description\" content=\"Lesen Sie die Hauptaussagen des Berichts von Canon Europe und CompTIA \u00fcber Stand der Cybersicherheit 2020. untersucht und in einem Bericht ver\u00f6ffentlicht.\" \/>\n<meta property=\"og:url\" content=\"https:\/\/waldis-ag.ch\/printing\/bericht-zum-stand-der-cybersicherheit-2020\/\" \/>\n<meta property=\"og:site_name\" content=\"Waldis\" \/>\n<meta property=\"article:published_time\" content=\"2021-06-09T11:33:02+00:00\" \/>\n<meta property=\"article:modified_time\" content=\"2021-08-17T13:26:54+00:00\" \/>\n<meta property=\"og:image\" content=\"https:\/\/waldis-ag.ch\/printing\/wp-content\/uploads\/sites\/7\/2020\/11\/maximalfocus-VT4rx775FT4-unsplash-scaled-e1604910911794.jpg\" \/>\n\t<meta property=\"og:image:width\" content=\"2560\" \/>\n\t<meta property=\"og:image:height\" content=\"1707\" \/>\n\t<meta property=\"og:image:type\" content=\"image\/jpeg\" \/>\n<meta name=\"twitter:card\" content=\"summary_large_image\" \/>\n<meta name=\"twitter:label1\" content=\"Written by\" \/>\n\t<meta name=\"twitter:data1\" content=\"living\" \/>\n\t<meta name=\"twitter:label2\" content=\"Est. reading time\" \/>\n\t<meta name=\"twitter:data2\" content=\"4 Minuten\" \/>\n<script type=\"application\/ld+json\" class=\"yoast-schema-graph\">{\"@context\":\"https:\/\/schema.org\",\"@graph\":[{\"@type\":\"WebSite\",\"@id\":\"https:\/\/waldis-ag.ch\/printing\/#website\",\"url\":\"https:\/\/waldis-ag.ch\/printing\/\",\"name\":\"Waldis\",\"description\":\"\",\"potentialAction\":[{\"@type\":\"SearchAction\",\"target\":{\"@type\":\"EntryPoint\",\"urlTemplate\":\"https:\/\/waldis-ag.ch\/printing\/?s={search_term_string}\"},\"query-input\":\"required name=search_term_string\"}],\"inLanguage\":\"de-CH\"},{\"@type\":\"ImageObject\",\"@id\":\"https:\/\/waldis-ag.ch\/printing\/bericht-zum-stand-der-cybersicherheit-2020\/#primaryimage\",\"inLanguage\":\"de-CH\",\"url\":\"https:\/\/waldis-ag.ch\/printing\/wp-content\/uploads\/sites\/7\/2020\/11\/maximalfocus-VT4rx775FT4-unsplash-scaled-e1604910911794.jpg\",\"contentUrl\":\"https:\/\/waldis-ag.ch\/printing\/wp-content\/uploads\/sites\/7\/2020\/11\/maximalfocus-VT4rx775FT4-unsplash-scaled-e1604910911794.jpg\",\"width\":2560,\"height\":1707},{\"@type\":\"WebPage\",\"@id\":\"https:\/\/waldis-ag.ch\/printing\/bericht-zum-stand-der-cybersicherheit-2020\/#webpage\",\"url\":\"https:\/\/waldis-ag.ch\/printing\/bericht-zum-stand-der-cybersicherheit-2020\/\",\"name\":\"Bericht zur Cybersicherheit 2020 - Waldis\",\"isPartOf\":{\"@id\":\"https:\/\/waldis-ag.ch\/printing\/#website\"},\"primaryImageOfPage\":{\"@id\":\"https:\/\/waldis-ag.ch\/printing\/bericht-zum-stand-der-cybersicherheit-2020\/#primaryimage\"},\"datePublished\":\"2021-06-09T11:33:02+00:00\",\"dateModified\":\"2021-08-17T13:26:54+00:00\",\"author\":{\"@id\":\"https:\/\/waldis-ag.ch\/printing\/#\/schema\/person\/d9a4f7d865fe429529cfd42b12c84aea\"},\"description\":\"Lesen Sie die Hauptaussagen des Berichts von Canon Europe und CompTIA \u00fcber Stand der Cybersicherheit 2020. untersucht und in einem Bericht ver\u00f6ffentlicht.\",\"breadcrumb\":{\"@id\":\"https:\/\/waldis-ag.ch\/printing\/bericht-zum-stand-der-cybersicherheit-2020\/#breadcrumb\"},\"inLanguage\":\"de-CH\",\"potentialAction\":[{\"@type\":\"ReadAction\",\"target\":[\"https:\/\/waldis-ag.ch\/printing\/bericht-zum-stand-der-cybersicherheit-2020\/\"]}]},{\"@type\":\"BreadcrumbList\",\"@id\":\"https:\/\/waldis-ag.ch\/printing\/bericht-zum-stand-der-cybersicherheit-2020\/#breadcrumb\",\"itemListElement\":[{\"@type\":\"ListItem\",\"position\":1,\"name\":\"Bericht zur Cybersicherheit 2020\"}]},{\"@type\":\"Person\",\"@id\":\"https:\/\/waldis-ag.ch\/printing\/#\/schema\/person\/d9a4f7d865fe429529cfd42b12c84aea\",\"name\":\"living\",\"image\":{\"@type\":\"ImageObject\",\"@id\":\"https:\/\/waldis-ag.ch\/printing\/#personlogo\",\"inLanguage\":\"de-CH\",\"url\":\"https:\/\/secure.gravatar.com\/avatar\/236a00ee9d71bba6cb6c65dff755f5dc?s=96&d=mm&r=g\",\"contentUrl\":\"https:\/\/secure.gravatar.com\/avatar\/236a00ee9d71bba6cb6c65dff755f5dc?s=96&d=mm&r=g\",\"caption\":\"living\"},\"url\":\"https:\/\/waldis-ag.ch\/printing\/author\/living\/\"}]}<\/script>\n<!-- \/ Yoast SEO plugin. -->","yoast_head_json":{"title":"Bericht zur Cybersicherheit 2020 - Waldis","description":"Lesen Sie die Hauptaussagen des Berichts von Canon Europe und CompTIA \u00fcber Stand der Cybersicherheit 2020. untersucht und in einem Bericht ver\u00f6ffentlicht.","robots":{"index":"index","follow":"follow","max-snippet":"max-snippet:-1","max-image-preview":"max-image-preview:large","max-video-preview":"max-video-preview:-1"},"canonical":"https:\/\/waldis-ag.ch\/printing\/bericht-zum-stand-der-cybersicherheit-2020\/","og_locale":"de_DE","og_type":"article","og_title":"Bericht zur Cybersicherheit 2020 - Waldis","og_description":"Lesen Sie die Hauptaussagen des Berichts von Canon Europe und CompTIA \u00fcber Stand der Cybersicherheit 2020. untersucht und in einem Bericht ver\u00f6ffentlicht.","og_url":"https:\/\/waldis-ag.ch\/printing\/bericht-zum-stand-der-cybersicherheit-2020\/","og_site_name":"Waldis","article_published_time":"2021-06-09T11:33:02+00:00","article_modified_time":"2021-08-17T13:26:54+00:00","og_image":[{"width":2560,"height":1707,"url":"https:\/\/waldis-ag.ch\/printing\/wp-content\/uploads\/sites\/7\/2020\/11\/maximalfocus-VT4rx775FT4-unsplash-scaled-e1604910911794.jpg","type":"image\/jpeg"}],"twitter_card":"summary_large_image","twitter_misc":{"Written by":"living","Est. reading time":"4 Minuten"},"schema":{"@context":"https:\/\/schema.org","@graph":[{"@type":"WebSite","@id":"https:\/\/waldis-ag.ch\/printing\/#website","url":"https:\/\/waldis-ag.ch\/printing\/","name":"Waldis","description":"","potentialAction":[{"@type":"SearchAction","target":{"@type":"EntryPoint","urlTemplate":"https:\/\/waldis-ag.ch\/printing\/?s={search_term_string}"},"query-input":"required name=search_term_string"}],"inLanguage":"de-CH"},{"@type":"ImageObject","@id":"https:\/\/waldis-ag.ch\/printing\/bericht-zum-stand-der-cybersicherheit-2020\/#primaryimage","inLanguage":"de-CH","url":"https:\/\/waldis-ag.ch\/printing\/wp-content\/uploads\/sites\/7\/2020\/11\/maximalfocus-VT4rx775FT4-unsplash-scaled-e1604910911794.jpg","contentUrl":"https:\/\/waldis-ag.ch\/printing\/wp-content\/uploads\/sites\/7\/2020\/11\/maximalfocus-VT4rx775FT4-unsplash-scaled-e1604910911794.jpg","width":2560,"height":1707},{"@type":"WebPage","@id":"https:\/\/waldis-ag.ch\/printing\/bericht-zum-stand-der-cybersicherheit-2020\/#webpage","url":"https:\/\/waldis-ag.ch\/printing\/bericht-zum-stand-der-cybersicherheit-2020\/","name":"Bericht zur Cybersicherheit 2020 - Waldis","isPartOf":{"@id":"https:\/\/waldis-ag.ch\/printing\/#website"},"primaryImageOfPage":{"@id":"https:\/\/waldis-ag.ch\/printing\/bericht-zum-stand-der-cybersicherheit-2020\/#primaryimage"},"datePublished":"2021-06-09T11:33:02+00:00","dateModified":"2021-08-17T13:26:54+00:00","author":{"@id":"https:\/\/waldis-ag.ch\/printing\/#\/schema\/person\/d9a4f7d865fe429529cfd42b12c84aea"},"description":"Lesen Sie die Hauptaussagen des Berichts von Canon Europe und CompTIA \u00fcber Stand der Cybersicherheit 2020. untersucht und in einem Bericht ver\u00f6ffentlicht.","breadcrumb":{"@id":"https:\/\/waldis-ag.ch\/printing\/bericht-zum-stand-der-cybersicherheit-2020\/#breadcrumb"},"inLanguage":"de-CH","potentialAction":[{"@type":"ReadAction","target":["https:\/\/waldis-ag.ch\/printing\/bericht-zum-stand-der-cybersicherheit-2020\/"]}]},{"@type":"BreadcrumbList","@id":"https:\/\/waldis-ag.ch\/printing\/bericht-zum-stand-der-cybersicherheit-2020\/#breadcrumb","itemListElement":[{"@type":"ListItem","position":1,"name":"Bericht zur Cybersicherheit 2020"}]},{"@type":"Person","@id":"https:\/\/waldis-ag.ch\/printing\/#\/schema\/person\/d9a4f7d865fe429529cfd42b12c84aea","name":"living","image":{"@type":"ImageObject","@id":"https:\/\/waldis-ag.ch\/printing\/#personlogo","inLanguage":"de-CH","url":"https:\/\/secure.gravatar.com\/avatar\/236a00ee9d71bba6cb6c65dff755f5dc?s=96&d=mm&r=g","contentUrl":"https:\/\/secure.gravatar.com\/avatar\/236a00ee9d71bba6cb6c65dff755f5dc?s=96&d=mm&r=g","caption":"living"},"url":"https:\/\/waldis-ag.ch\/printing\/author\/living\/"}]}},"publishpress_future_action":{"enabled":false,"date":"1970-01-01 01:00:00","action":"","terms":[],"taxonomy":"","browser_timezone_offset":0},"_links":{"self":[{"href":"https:\/\/waldis-ag.ch\/printing\/wp-json\/wp\/v2\/posts\/14256"}],"collection":[{"href":"https:\/\/waldis-ag.ch\/printing\/wp-json\/wp\/v2\/posts"}],"about":[{"href":"https:\/\/waldis-ag.ch\/printing\/wp-json\/wp\/v2\/types\/post"}],"author":[{"embeddable":true,"href":"https:\/\/waldis-ag.ch\/printing\/wp-json\/wp\/v2\/users\/1"}],"replies":[{"embeddable":true,"href":"https:\/\/waldis-ag.ch\/printing\/wp-json\/wp\/v2\/comments?post=14256"}],"version-history":[{"count":36,"href":"https:\/\/waldis-ag.ch\/printing\/wp-json\/wp\/v2\/posts\/14256\/revisions"}],"predecessor-version":[{"id":14295,"href":"https:\/\/waldis-ag.ch\/printing\/wp-json\/wp\/v2\/posts\/14256\/revisions\/14295"}],"wp:featuredmedia":[{"embeddable":true,"href":"https:\/\/waldis-ag.ch\/printing\/wp-json\/wp\/v2\/media\/14258"}],"wp:attachment":[{"href":"https:\/\/waldis-ag.ch\/printing\/wp-json\/wp\/v2\/media?parent=14256"}],"wp:term":[{"taxonomy":"category","embeddable":true,"href":"https:\/\/waldis-ag.ch\/printing\/wp-json\/wp\/v2\/categories?post=14256"},{"taxonomy":"post_tag","embeddable":true,"href":"https:\/\/waldis-ag.ch\/printing\/wp-json\/wp\/v2\/tags?post=14256"}],"curies":[{"name":"wp","href":"https:\/\/api.w.org\/{rel}","templated":true}]}}